{"id":676,"date":"2026-04-25T08:19:45","date_gmt":"2026-04-25T11:19:45","guid":{"rendered":"https:\/\/simnoaltar.com.br\/?p=676"},"modified":"2026-04-25T08:19:49","modified_gmt":"2026-04-25T11:19:49","slug":"elegancia-e-amor-transatlantico-o-casamento-classico-de-sharon-e-gustavo-na-florida","status":"publish","type":"post","link":"https:\/\/simnoaltar.com.br\/?p=676","title":{"rendered":"Eleg\u00e2ncia e Amor Transatl\u00e2ntico: O Casamento Cl\u00e1ssico de Sharon e Gustavo na Fl\u00f3rida"},"content":{"rendered":"\n<p>A uni\u00e3o de Sharon e Gustavo, celebrada com uma fus\u00e3o de tradicionalidade e requinte, culminou em uma cerim\u00f4nia inesquec\u00edvel no exuberante cen\u00e1rio da Fl\u00f3rida. O casal, cuja hist\u00f3ria de amor foi meticulosamente constru\u00edda ao longo dos anos, escolheu o prestigiado Bella Collina para selar seus votos, proporcionando aos convidados uma experi\u00eancia singular, pontuada por detalhes cuidadosamente elaborados e um toque de atemporalidade.<\/p>\n\n\n\n<h2 class=\"wp-block-heading\">Uma Jornada do Litoral Ga\u00facho ao Altar na Fl\u00f3rida<\/h2>\n\n\n\n<p>A trajet\u00f3ria de Sharon e Gustavo teve in\u00edcio nas f\u00e9rias de ver\u00e3o, nas pitorescas praias do litoral ga\u00facho, onde suas fam\u00edlias tradicionalmente passavam a temporada. O que come\u00e7ou como encontros despretensiosos evoluiu naturalmente para um namoro, consolidando-se em uma rela\u00e7\u00e3o marcada pela const\u00e2ncia e profunda sintonia. A noiva descreve esse percurso como uma hist\u00f3ria escrita com paci\u00eancia, respeitando o ritmo e a beleza de cada fase vivida a dois.<\/p>\n\n\n\n<p>O passo seguinte em sua rom\u00e2ntica jornada foi um pedido de casamento que surpreendeu Sharon, em um dos cen\u00e1rios mais emblem\u00e1ticos de Nova York. Gustavo escolheu a ic\u00f4nica Bow Bridge, no Central Park, conhecida por sua vista deslumbrante, para fazer a pergunta que oficializaria o in\u00edcio de uma nova e emocionante etapa em suas vidas.<\/p>\n\n\n\n<p>Antes da grandiosa celebra\u00e7\u00e3o na Fl\u00f3rida, o casal optou por um momento de maior intimidade com familiares e amigos pr\u00f3ximos. Realizaram um jantar de casamento civil em Gramado, no dia 21 de mar\u00e7o de 2025, reunindo cerca de 85 convidados em um evento que antecedeu a cerim\u00f4nia religiosa, marcando o in\u00edcio das festividades.<\/p>\n\n\n\n<h2 class=\"wp-block-heading\">A Grande Celebra\u00e7\u00e3o em Bella Collina<\/h2>\n\n\n\n<p>A t\u00e3o esperada cerim\u00f4nia religiosa e a recep\u00e7\u00e3o principal aconteceram em 30 de outubro de 2025, no Clube do Condom\u00ednio Bella Collina, em Montverde, na Fl\u00f3rida. O local, renomado por sua arquitetura e paisagens deslumbrantes, serviu de palco para que 57 convidados, entre amigos e familiares mais pr\u00f3ximos, pudessem testemunhar e celebrar a uni\u00e3o de Sharon e Gustavo, em um dia verdadeiramente inesquec\u00edvel.<\/p>\n\n\n\n<h2 class=\"wp-block-heading\">A Eleg\u00e2ncia Atemporal da Noiva<\/h2>\n\n\n\n<p>Para o grande dia, o vestido de noiva de Sharon foi um cap\u00edtulo \u00e0 parte, resultado de um processo colaborativo e minucioso com o renomado estilista Lucas Anderi. A noiva buscou um profissional capaz de traduzir sua vis\u00e3o, e cada detalhe do modelo foi desenhado e aperfei\u00e7oado ao longo das provas, a partir de suas refer\u00eancias e descri\u00e7\u00f5es, garantindo uma cria\u00e7\u00e3o exclusiva e perfeitamente adaptada para o momento.<\/p>\n\n\n\n<p>O visual da noiva foi complementado com maestria pela beleza assinada por Everton Brocker, respons\u00e1vel pelo cabelo e maquiagem. Os acess\u00f3rios de Jimmy Choo adicionaram um toque final de sofistica\u00e7\u00e3o, harmonizando perfeitamente com a opul\u00eancia das rendas e a extens\u00e3o do v\u00e9u, elementos que juntos materializaram o sonho de Sharon para seu dia especial.<\/p>\n\n\n\n<h2 class=\"wp-block-heading\">Cen\u00e1rio Cl\u00e1ssico: A Decora\u00e7\u00e3o que Enalteceu o Espa\u00e7o<\/h2>\n\n\n\n<p>A decora\u00e7\u00e3o do casamento foi concebida com o prop\u00f3sito de real\u00e7ar a beleza intr\u00ednseca do Bella Collina, sem sobrecarregar o ambiente. Com o projeto assinado pela Gala Rental e arranjos florais da ESG Design, a proposta seguiu uma linha cl\u00e1ssica e pontual, com elementos estrategicamente posicionados para complementar a arquitetura do local e o cen\u00e1rio natural, criando uma atmosfera de refinamento.<\/p>\n\n\n\n<p>Na \u00e1rea da cerim\u00f4nia, um imponente arco floral de aproximadamente quatro metros de altura, adornado com hort\u00eansias e rosas, tornou-se o grande destaque visual. Essa estrutura grandiosa, com clara refer\u00eancia ao estilo cl\u00e1ssico europeu, capturou a aten\u00e7\u00e3o no altar, definindo a identidade da decora\u00e7\u00e3o e a atmosfera solene do momento.<\/p>\n\n\n\n<h2 class=\"wp-block-heading\">Conselhos Preciosos de Quem Viveu o Sonho<\/h2>\n\n\n\n<p>Sharon compartilha valiosas dicas para futuros casais, enfatizando a import\u00e2ncia de desfrutar cada etapa do planejamento, sem permitir que a preocupa\u00e7\u00e3o obscure\u00e7a a singularidade dos momentos. Ela aconselha a confiar no processo, entregando tudo nas m\u00e3os de Deus no grande dia, pois &#039;sempre d\u00e1 certo&#039;. Al\u00e9m disso, a noiva refor\u00e7a a necessidade de investir nos melhores profissionais de fotografia e v\u00eddeo, pois as mem\u00f3rias capturadas s\u00e3o o tesouro que permanece e &#039;vale cada centavo&#039;.<\/p>\n\n\n\n<h2 class=\"wp-block-heading\">Equipe de Sonho: Os Profissionais Envolvidos<\/h2>\n\n\n\n<p>A concretiza\u00e7\u00e3o do sonho de Sharon e Gustavo foi poss\u00edvel gra\u00e7as a uma equipe de excel\u00eancia. Os servi\u00e7os inclu\u00edram: Local: Bella Collina | Foto: Rodolfo Santos Fot\u00f3grafo | V\u00eddeo: Bianchi | Celebrante: Leonardo Vieira | Assessoria\/Cerimonial: JCloss Events | Decora\u00e7\u00e3o: Gala Rental | Flores: ESG Design | Vestido de Noiva: Lucas Anderi | Cabelo e Maquiagem da Noiva: Everton Brocker | Acess\u00f3rios da Noiva: Jimmy Choo | Traje do Noivo: Franzen Alfaiataria e Ricardo Almeida | Buffet: Bella Collina | Bolo: Myli Confeitaria | Doces e Bem-casado: Lari Sweet Art | Som e Luz: DJ Fabio Neto | M\u00fasica Cerim\u00f4nia: Classern Quartet e Marcos Rosalle | DJ: DJ Fabio Neto | Bar de drinks: Bella Collina | Buqu\u00ea: ESG Design | Ag\u00eancia de Lua de Mel: PM Travel.<\/p>\n\n\n<p><em>Fonte: <a href=\"https:\/\/inesquecivelcasamento.com.br\" target=\"_blank\" rel=\"noopener noreferrer\">https:\/\/inesquecivelcasamento.com.br<\/a><\/em><\/p>","protected":false},"excerpt":{"rendered":"<p>A uni\u00e3o de Sharon e Gustavo, celebrada com uma fus\u00e3o de tradicionalidade e requinte, culminou em uma cerim\u00f4nia inesquec\u00edvel no exuberante cen\u00e1rio da Fl\u00f3rida. O casal, cuja hist\u00f3ria de amor foi meticulosamente constru\u00edda ao longo dos anos, escolheu o prestigiado Bella Collina para selar seus votos, proporcionando aos convidados uma experi\u00eancia singular, pontuada por detalhes [&hellip;]<\/p>\n","protected":false},"author":2,"featured_media":677,"comment_status":"closed","ping_status":"","sticky":false,"template":"","format":"standard","meta":{"footnotes":""},"categories":[3],"tags":[204,205,58,126,203],"class_list":["post-676","post","type-post","status-publish","format-standard","has-post-thumbnail","hentry","category-noticias","tag-bella-collina","tag-casal","tag-casamento","tag-cerimonia","tag-florida"],"_links":{"self":[{"href":"https:\/\/simnoaltar.com.br\/index.php?rest_route=\/wp\/v2\/posts\/676","targetHints":{"allow":["GET"]}}],"collection":[{"href":"https:\/\/simnoaltar.com.br\/index.php?rest_route=\/wp\/v2\/posts"}],"about":[{"href":"https:\/\/simnoaltar.com.br\/index.php?rest_route=\/wp\/v2\/types\/post"}],"author":[{"embeddable":true,"href":"https:\/\/simnoaltar.com.br\/index.php?rest_route=\/wp\/v2\/users\/2"}],"replies":[{"embeddable":true,"href":"https:\/\/simnoaltar.com.br\/index.php?rest_route=%2Fwp%2Fv2%2Fcomments&post=676"}],"version-history":[{"count":1,"href":"https:\/\/simnoaltar.com.br\/index.php?rest_route=\/wp\/v2\/posts\/676\/revisions"}],"predecessor-version":[{"id":678,"href":"https:\/\/simnoaltar.com.br\/index.php?rest_route=\/wp\/v2\/posts\/676\/revisions\/678"}],"wp:featuredmedia":[{"embeddable":true,"href":"https:\/\/simnoaltar.com.br\/index.php?rest_route=\/wp\/v2\/media\/677"}],"wp:attachment":[{"href":"https:\/\/simnoaltar.com.br\/index.php?rest_route=%2Fwp%2Fv2%2Fmedia&parent=676"}],"wp:term":[{"taxonomy":"category","embeddable":true,"href":"https:\/\/simnoaltar.com.br\/index.php?rest_route=%2Fwp%2Fv2%2Fcategories&post=676"},{"taxonomy":"post_tag","embeddable":true,"href":"https:\/\/simnoaltar.com.br\/index.php?rest_route=%2Fwp%2Fv2%2Ftags&post=676"}],"curies":[{"name":"wp","href":"https:\/\/api.w.org\/{rel}","templated":true}]}}